{"id":6651,"date":"2022-04-04T11:55:06","date_gmt":"2022-04-04T10:55:06","guid":{"rendered":"https:\/\/www.tkd-wolnzach.de\/blog\/?p=6651"},"modified":"2022-08-21T14:38:30","modified_gmt":"2022-08-21T13:38:30","slug":"taekwondo-abteilung-des-tsv-wolnzach-dominiert-dan%e2%80%91pruefung","status":"publish","type":"post","link":"https:\/\/www.tkd-wolnzach.de\/blog\/allgemein\/taekwondo-abteilung-des-tsv-wolnzach-dominiert-dan%e2%80%91pruefung","title":{"rendered":"Taekwondo-Abteilung des TSV Wolnzach dominiert DAN\u2011Pr\u00fcfung"},"content":{"rendered":"\n<p>Am 27.03.2022 nahmen sechs Sportler der Taekwondo\u2011Abteilung des TSV Wolnzachs an der DAN\u2011Pr\u00fcfung in Dachau teil. Mit der Unterst\u00fctzung ihres Trainers Daniel Frauenfelder und einiger Vereinsmitglieder konnten alle Pr\u00fcflinge ihre Urkunde zum 1.&nbsp;DAN bzw. 2.&nbsp;DAN entgegennehmen.<\/p>\n\n\n\n<p>Trotz Einschr\u00e4nkungen durch Corona, Quarant\u00e4ne und Hallenmangel haben sich Angelika Frauenfelder, Vincent Fafard, Dominik Welke, Josef Thalmaier, Daniel Bauer und Karl\u2011Heinz Strau\u00df in den letzten Monaten auf ihre DAN\u2011Pr\u00fcfung vorbereitet. Unter den kritischen Augen der Pr\u00fcfer bewiesen sie am Pr\u00fcfungstag ihr K\u00f6nnen in den Kategorien Poomsae (Formenlauf), Ilbo\u2011Taeryon (Einschrittkampf) und Hosinsul (Selbstverteidigung). Im Anschluss zeigten sie beim Wettkampf in voller Schutzausr\u00fcstung Schnelligkeit und Reaktionsf\u00e4higkeit. Zum Abschluss absolvierte jeder Pr\u00fcfling einen Kombinations\u2011Bruchtest, bestehend aus zwei aufeinanderfolgenden Techniken und einen bzw. zwei weitere Einzel\u2011Bruchtests.<\/p>\n\n\n\n<p>Vincent Fafard und Daniel Bauer wurden aufgrund ihrer herausragenden Leistungen von Pr\u00fcfer Uwe Neumann (6.&nbsp;DAN) aus der Gruppe aller 19 Pr\u00fcflinge aus insgesamt vier Vereinen als Pr\u00fcfungsbeste ausgezeichnet. Vincent Fafard \u00fcberzeugte dabei durch breit gef\u00e4chertes K\u00f6nnen \u00fcber alle Disziplinen und stellte sich in der Gruppe der Anw\u00e4rter auf den 1.&nbsp;DAN an die Spitze. Daniel Bauer erwies sich aufgrund durchgehend pr\u00e4ziser und kraftvoller Techniken sowie geschickter und dynamischer Leistungen im Wettkampf als der Pr\u00fcfungsbeste in der Riege der angetretenen DAN\u2011Tr\u00e4ger.<\/p>\n\n\n\n<p>Voller Stolz gratuliert die Abteilungsleitung und Trainerschaft den neuen DAN\u2011Tr\u00e4gern Dominik Welke, Vincent Fafard und Angelika Frauenfelder zum 1.&nbsp;DAN sowie Daniel Bauer, Josef Thalmaier und Karl-Heinz Strau\u00df zum 2.&nbsp;DAN.<\/p>\n\n\n\nngg_shortcode_0_placeholder\n\n\n\n<p><\/p>\n\n\n\n<p><\/p>\n\n\n\n<p><\/p>\n","protected":false},"excerpt":{"rendered":"<p>Am 27.03.2022 nahmen sechs Sportler der Taekwondo\u2011Abteilung des TSV Wolnzachs an der DAN\u2011Pr\u00fcfung in Dachau teil. Mit der Unterst\u00fctzung ihres Trainers Daniel Frauenfelder und einiger Vereinsmitglieder konnten alle Pr\u00fcflinge ihre Urkunde zum 1.&nbsp;DAN bzw. 2.&nbsp;DAN entgegennehmen. Trotz Einschr\u00e4nkungen durch Corona, Quarant\u00e4ne und Hallenmangel haben sich Angelika Frauenfelder, Vincent Fafard, Dominik Welke, Josef Thalmaier, Daniel Bauer [&hellip;]<\/p>\n","protected":false},"author":1,"featured_media":0,"comment_status":"open","ping_status":"closed","sticky":false,"template":"","format":"standard","meta":{"ngg_post_thumbnail":0,"footnotes":""},"categories":[1],"tags":[],"class_list":["post-6651","post","type-post","status-publish","format-standard","hentry","category-allgemein"],"_links":{"self":[{"href":"https:\/\/www.tkd-wolnzach.de\/blog\/wp-json\/wp\/v2\/posts\/6651","targetHints":{"allow":["GET"]}}],"collection":[{"href":"https:\/\/www.tkd-wolnzach.de\/blog\/wp-json\/wp\/v2\/posts"}],"about":[{"href":"https:\/\/www.tkd-wolnzach.de\/blog\/wp-json\/wp\/v2\/types\/post"}],"author":[{"embeddable":true,"href":"https:\/\/www.tkd-wolnzach.de\/blog\/wp-json\/wp\/v2\/users\/1"}],"replies":[{"embeddable":true,"href":"https:\/\/www.tkd-wolnzach.de\/blog\/wp-json\/wp\/v2\/comments?post=6651"}],"version-history":[{"count":2,"href":"https:\/\/www.tkd-wolnzach.de\/blog\/wp-json\/wp\/v2\/posts\/6651\/revisions"}],"predecessor-version":[{"id":6856,"href":"https:\/\/www.tkd-wolnzach.de\/blog\/wp-json\/wp\/v2\/posts\/6651\/revisions\/6856"}],"wp:attachment":[{"href":"https:\/\/www.tkd-wolnzach.de\/blog\/wp-json\/wp\/v2\/media?parent=6651"}],"wp:term":[{"taxonomy":"category","embeddable":true,"href":"https:\/\/www.tkd-wolnzach.de\/blog\/wp-json\/wp\/v2\/categories?post=6651"},{"taxonomy":"post_tag","embeddable":true,"href":"https:\/\/www.tkd-wolnzach.de\/blog\/wp-json\/wp\/v2\/tags?post=6651"}],"curies":[{"name":"wp","href":"https:\/\/api.w.org\/{rel}","templated":true}]}}