{"id":5652,"date":"2019-01-26T08:54:44","date_gmt":"2019-01-26T07:54:44","guid":{"rendered":"https:\/\/www.tkd-wolnzach.de\/blog\/?p=5652"},"modified":"2019-01-26T08:56:30","modified_gmt":"2019-01-26T07:56:30","slug":"abteilung-taekwondo-des-tsv-wolnzach-verabschiedet-langjaehrigen-trainer","status":"publish","type":"post","link":"https:\/\/www.tkd-wolnzach.de\/blog\/allgemein\/abteilung-taekwondo-des-tsv-wolnzach-verabschiedet-langjaehrigen-trainer","title":{"rendered":"Taekwondo TSV Wolnzach verabschiedet langj\u00e4hrigen Trainer"},"content":{"rendered":"\n<p>Nach langj\u00e4hriger Zusammenarbeit endete Michael Gerhardts T\u00e4tigkeit als Trainer in der Abteilung Taekwondo des <br \/>TSV Wolnzach in gegenseitigem Einvernehmen. Wir bedanken uns f\u00fcr die vielen Jahre der guten Zusammenarbeit und gemeinsamen Erfolge.<\/p>\n\n\n\n<p>Die Abteilungsleitung und das Trainerteam w\u00fcnschen ihm bei seiner neuen Herausforderung und seiner weiteren sportlichen Zukunft alles Gute.<\/p>\n\n\n\n<p><\/p>\n\n\n\n<p><\/p>\n\n\n\n<p><\/p>\n\n\n\n<p><\/p>\n","protected":false},"excerpt":{"rendered":"<p>Nach langj\u00e4hriger Zusammenarbeit endete Michael Gerhardts T\u00e4tigkeit als Trainer in der Abteilung Taekwondo des TSV Wolnzach in gegenseitigem Einvernehmen. Wir bedanken uns f\u00fcr die vielen Jahre der guten Zusammenarbeit und gemeinsamen Erfolge. Die Abteilungsleitung und das Trainerteam w\u00fcnschen ihm bei seiner neuen Herausforderung und seiner weiteren sportlichen Zukunft alles Gute.<\/p>\n","protected":false},"author":1,"featured_media":0,"comment_status":"open","ping_status":"closed","sticky":false,"template":"","format":"standard","meta":{"ngg_post_thumbnail":0,"footnotes":""},"categories":[1],"tags":[],"class_list":["post-5652","post","type-post","status-publish","format-standard","hentry","category-allgemein"],"_links":{"self":[{"href":"https:\/\/www.tkd-wolnzach.de\/blog\/wp-json\/wp\/v2\/posts\/5652","targetHints":{"allow":["GET"]}}],"collection":[{"href":"https:\/\/www.tkd-wolnzach.de\/blog\/wp-json\/wp\/v2\/posts"}],"about":[{"href":"https:\/\/www.tkd-wolnzach.de\/blog\/wp-json\/wp\/v2\/types\/post"}],"author":[{"embeddable":true,"href":"https:\/\/www.tkd-wolnzach.de\/blog\/wp-json\/wp\/v2\/users\/1"}],"replies":[{"embeddable":true,"href":"https:\/\/www.tkd-wolnzach.de\/blog\/wp-json\/wp\/v2\/comments?post=5652"}],"version-history":[{"count":6,"href":"https:\/\/www.tkd-wolnzach.de\/blog\/wp-json\/wp\/v2\/posts\/5652\/revisions"}],"predecessor-version":[{"id":5658,"href":"https:\/\/www.tkd-wolnzach.de\/blog\/wp-json\/wp\/v2\/posts\/5652\/revisions\/5658"}],"wp:attachment":[{"href":"https:\/\/www.tkd-wolnzach.de\/blog\/wp-json\/wp\/v2\/media?parent=5652"}],"wp:term":[{"taxonomy":"category","embeddable":true,"href":"https:\/\/www.tkd-wolnzach.de\/blog\/wp-json\/wp\/v2\/categories?post=5652"},{"taxonomy":"post_tag","embeddable":true,"href":"https:\/\/www.tkd-wolnzach.de\/blog\/wp-json\/wp\/v2\/tags?post=5652"}],"curies":[{"name":"wp","href":"https:\/\/api.w.org\/{rel}","templated":true}]}}