{"id":1307,"date":"2012-12-18T14:11:43","date_gmt":"2012-12-18T13:11:43","guid":{"rendered":"http:\/\/www.tkd-wolnzach.de\/blog\/?p=1307"},"modified":"2012-12-18T14:11:43","modified_gmt":"2012-12-18T13:11:43","slug":"wolnzacher-taekwondoins-meistern-gurtelprufung","status":"publish","type":"post","link":"https:\/\/www.tkd-wolnzach.de\/blog\/berichte\/wolnzacher-taekwondoins-meistern-gurtelprufung","title":{"rendered":"Wolnzacher Taekwondoins meistern G\u00fcrtelpr\u00fcfung"},"content":{"rendered":"<p>Die dritte und letzte G\u00fcrtelpr\u00fcfung 2012 der Abteilung Taekwondo des TSV Wolnzach fand am 15.12.2012 in der Wolnzacher Hauptschulturnhalle statt.<br \/>\nDie Wolnzacher Taekwondo-Sch\u00fcler stellten sich den Pr\u00fcfungsanforderungen der Deutschen Taekwondo Union<br \/>\nin den Disziplinen Formenlauf, Einschrittkampf, Selbstverteidigung und Wettkampf und waren wie immer bestens pr\u00e4pariert.<\/p>\n<p style=\"text-align: left;\">Alle Sch\u00fcler konnten nach Pr\u00fcfungsende die Urkunde zur n\u00e4chsten Kup-Graduierung von Pr\u00fcfer Uwe Neumann, 4. Dan entgegennehmen und damit dem schwarzen G\u00fcrtel (DAN) ein St\u00fcck n\u00e4her kommen.<\/p>\n<p>Interessierte Kinder, Jugendliche und Erwachsene k\u00f6nnen nach den Weihnachtsferien ab dem 07.01.2013 gerne an einem Probetraining teilnehmen und bei entsprechendem Trainingsflei\u00df bei der ersten Pr\u00fcfung im April 2013 teilnehmen.<\/p>\n<p style=\"text-align: right;\"><img decoding=\"async\" class=\"ngg-singlepic ngg-center aligncenter\" src=\"http:\/\/www.tkd-wolnzach.de\/blog\/wp-content\/gallery\/3-kup-prufung-2012\/dsc_0186.jpg\" alt=\"Gruppenfoto\" \/>Text: Strau\u00df<br \/>\nFoto: Taekwondo Wolnzach<\/p>\n<p><br class=\"clear\" \/>ngg_shortcode_0_placeholder<br \/>\n<br class=\"clear\" \/><\/p>\n","protected":false},"excerpt":{"rendered":"<p>Die dritte und letzte G\u00fcrtelpr\u00fcfung 2012 der Abteilung Taekwondo des TSV Wolnzach fand am 15.12.2012 in der Wolnzacher Hauptschulturnhalle statt. Die Wolnzacher Taekwondo-Sch\u00fcler stellten sich den Pr\u00fcfungsanforderungen der Deutschen Taekwondo Union in den Disziplinen Formenlauf, Einschrittkampf, Selbstverteidigung und Wettkampf und waren wie immer bestens pr\u00e4pariert. Alle Sch\u00fcler konnten nach Pr\u00fcfungsende die Urkunde zur n\u00e4chsten Kup-Graduierung [&hellip;]<\/p>\n","protected":false},"author":1,"featured_media":0,"comment_status":"open","ping_status":"closed","sticky":false,"template":"","format":"standard","meta":{"ngg_post_thumbnail":0,"footnotes":""},"categories":[6],"tags":[],"class_list":["post-1307","post","type-post","status-publish","format-standard","hentry","category-berichte"],"_links":{"self":[{"href":"https:\/\/www.tkd-wolnzach.de\/blog\/wp-json\/wp\/v2\/posts\/1307","targetHints":{"allow":["GET"]}}],"collection":[{"href":"https:\/\/www.tkd-wolnzach.de\/blog\/wp-json\/wp\/v2\/posts"}],"about":[{"href":"https:\/\/www.tkd-wolnzach.de\/blog\/wp-json\/wp\/v2\/types\/post"}],"author":[{"embeddable":true,"href":"https:\/\/www.tkd-wolnzach.de\/blog\/wp-json\/wp\/v2\/users\/1"}],"replies":[{"embeddable":true,"href":"https:\/\/www.tkd-wolnzach.de\/blog\/wp-json\/wp\/v2\/comments?post=1307"}],"version-history":[{"count":7,"href":"https:\/\/www.tkd-wolnzach.de\/blog\/wp-json\/wp\/v2\/posts\/1307\/revisions"}],"predecessor-version":[{"id":1314,"href":"https:\/\/www.tkd-wolnzach.de\/blog\/wp-json\/wp\/v2\/posts\/1307\/revisions\/1314"}],"wp:attachment":[{"href":"https:\/\/www.tkd-wolnzach.de\/blog\/wp-json\/wp\/v2\/media?parent=1307"}],"wp:term":[{"taxonomy":"category","embeddable":true,"href":"https:\/\/www.tkd-wolnzach.de\/blog\/wp-json\/wp\/v2\/categories?post=1307"},{"taxonomy":"post_tag","embeddable":true,"href":"https:\/\/www.tkd-wolnzach.de\/blog\/wp-json\/wp\/v2\/tags?post=1307"}],"curies":[{"name":"wp","href":"https:\/\/api.w.org\/{rel}","templated":true}]}}